{"id":4403,"date":"2021-01-26T17:59:11","date_gmt":"2021-01-26T17:59:11","guid":{"rendered":"https:\/\/inforconta.online\/wp\/?p=4403"},"modified":"2021-01-26T17:59:56","modified_gmt":"2021-01-26T17:59:56","slug":"autonomos-principio-de-acuerdo-para-extender-prestaciones-covid-19","status":"publish","type":"post","link":"https:\/\/inforconta.online\/wp\/fr\/autonomos-principio-de-acuerdo-para-extender-prestaciones-covid-19\/","title":{"rendered":"AUTONOMOS: Principio de acuerdo para extender prestaciones COVID-19"},"content":{"rendered":"\n<p><strong>El Ministerio de Inclusi\u00f3n, Seguridad Social y Migraciones ha alcanzado <u>un principio de acuerdo<\/u> con las principales asociaciones de aut\u00f3nomos para extender desde el <u>1 de febrero al 31 de mayo <\/u>las prestaciones puestas en marcha para paliar la situaci\u00f3n de este colectivo como consecuencia de la pandemia de la COVID-19.<\/strong> <strong>(<em>Pendiente de aprobar por Real Decreto<\/em>)<\/strong><\/p>\n\n\n\n<p><strong><u>ESTATAL: RETA<\/u><\/strong><\/p>\n\n\n\n<p><strong>Suspensi\u00f3n temporal de toda la actividad:<\/strong><\/p>\n\n\n\n<ul class=\"wp-block-list\"><li>Prestaci\u00f3n ser\u00e1 del 50% de la base m\u00ednima por la actividad a desarrollar<\/li><li>Exento del pago de la cuota mensual<\/li><\/ul>\n\n\n\n<p><strong>Sujetos a restricciones horarias y de aforo:<\/strong><\/p>\n\n\n\n<ul class=\"wp-block-list\"><li>Acreditaci\u00f3n del primer semestre del 2021 unos ingresos computables fiscalmente de la actividad por cuenta propia inferiores en un 50% a los habidos en el primer trimestre de 2020.<\/li><li>Exento del pago de la cuota mensual<\/li><li>Prestaci\u00f3n ser\u00e1 del 50% de la base m\u00ednima por la actividad desarrolla<\/li><\/ul>\n\n\n\n<p><strong>Prestaci\u00f3n de cese de actividad compatible con el trabajo<\/strong><\/p>\n\n\n\n<ul class=\"wp-block-list\"><li>Acreditar en el primer semestre de 2021 una reducci\u00f3n de los ingresos computables fiscalmente de la actividad por cuenta propia de m\u00e1s del 50% de los habidos en el segundo semestre de 2019 -para el c\u00e1lculo de la reducci\u00f3n de ingresos se tendr\u00e1 en cuenta el periodo en alta en el segundo semestre de 2019 y se comparar\u00e1 con la parte proporcional de los ingresos habidos en el primer semestre de 2021 en la misma proporci\u00f3n.<\/li><li>Exento del pago de la cuota mensual<\/li><li>Prestaci\u00f3n ser\u00e1 del 50% de la base m\u00ednima por la actividad desarrolla<\/li><\/ul>\n\n\n\n<p><strong>Trabajadores aut\u00f3nomos temporada<\/strong><\/p>\n\n\n\n<ul class=\"wp-block-list\"><li>Los aut\u00f3nomos de temporada podr\u00e1n acceder a la prestaci\u00f3n, aunque su trabajo estacional no se circunscriba a la \u00e9poca estival, y siempre que hayan estado de alta al menos dos meses de los seis del primer semestre<\/li><li>No tener ingresos superiores a 6650<\/li><li>Prestaci\u00f3n ser\u00e1 del 70% de la base m\u00ednima por la actividad desarrolla<\/li><li>Exento del pago de la cuota mensual<\/li><\/ul>\n\n\n\n<p><strong><u>AUTONOMICA: RETA<\/u><\/strong><\/p>\n\n\n\n<ul class=\"wp-block-list\"><li>Ayuda extraordinaria de 2.000 euros a lo largo de este trimestre:<\/li><li>Requisitos: tener un m\u00e1ximo de cinco empleados<\/li><li>Base imponible de 2019 debe ser igual o inferior a 35.000 euros brutos<\/li><li>Base de cotizaci\u00f3n debe ser igual o inferior a los 17.500 euros<\/li><\/ul>\n\n\n\n<p><strong><u>AUTONOMICA: REGIMEN GENERAL<\/u><\/strong><\/p>\n\n\n\n<p>Los trabajadores afectados por Expedientes de Regulaci\u00f3n Temporal de Empleo, que reciben las prestaciones m\u00e1s bajas recibir\u00e1n una ayuda adicional de 200 euros al mes durante los pr\u00f3ximos tres meses.<\/p>\n\n\n\n<p><strong>Para m\u00e1s Informaci\u00f3n contacte con el Departamento de Laboral<\/strong><\/p>\n\n\n\n<p><strong><em><u>Especificaciones y requisitos pendientes de concretar mediante el BOE correspondiente<\/u><\/em><\/strong><\/p>\n","protected":false},"excerpt":{"rendered":"<p>El Ministerio de Inclusi\u00f3n, Seguridad Social y Migraciones ha alcanzado un principio de acuerdo con las principales asociaciones de aut\u00f3nomos para extender desde el 1 de febrero al 31 de mayo las prestaciones puestas en marcha para paliar la situaci\u00f3n de este colectivo como consecuencia de la pandemia de la COVID-19. (Pendiente de aprobar por [&hellip;]<\/p>\n","protected":false},"author":1,"featured_media":0,"comment_status":"open","ping_status":"open","sticky":false,"template":"","format":"standard","meta":{"footnotes":""},"categories":[1],"tags":[50,227],"class_list":["post-4403","post","type-post","status-publish","format-standard","hentry","category-sin-categoria","tag-autonomo","tag-covid-19"],"_links":{"self":[{"href":"https:\/\/inforconta.online\/wp\/fr\/wp-json\/wp\/v2\/posts\/4403","targetHints":{"allow":["GET"]}}],"collection":[{"href":"https:\/\/inforconta.online\/wp\/fr\/wp-json\/wp\/v2\/posts"}],"about":[{"href":"https:\/\/inforconta.online\/wp\/fr\/wp-json\/wp\/v2\/types\/post"}],"author":[{"embeddable":true,"href":"https:\/\/inforconta.online\/wp\/fr\/wp-json\/wp\/v2\/users\/1"}],"replies":[{"embeddable":true,"href":"https:\/\/inforconta.online\/wp\/fr\/wp-json\/wp\/v2\/comments?post=4403"}],"version-history":[{"count":0,"href":"https:\/\/inforconta.online\/wp\/fr\/wp-json\/wp\/v2\/posts\/4403\/revisions"}],"wp:attachment":[{"href":"https:\/\/inforconta.online\/wp\/fr\/wp-json\/wp\/v2\/media?parent=4403"}],"wp:term":[{"taxonomy":"category","embeddable":true,"href":"https:\/\/inforconta.online\/wp\/fr\/wp-json\/wp\/v2\/categories?post=4403"},{"taxonomy":"post_tag","embeddable":true,"href":"https:\/\/inforconta.online\/wp\/fr\/wp-json\/wp\/v2\/tags?post=4403"}],"curies":[{"name":"wp","href":"https:\/\/api.w.org\/{rel}","templated":true}]}}